{"id":696,"date":"2025-08-21T11:41:20","date_gmt":"2025-08-21T09:41:20","guid":{"rendered":"https:\/\/www.vivreamontdenis.fr\/?p=696"},"modified":"2025-08-21T11:41:20","modified_gmt":"2025-08-21T09:41:20","slug":"fete-du-village-de-montdenis-dimanche-3-aout-2025","status":"publish","type":"post","link":"https:\/\/www.vivreamontdenis.fr\/index.php\/2025\/08\/21\/fete-du-village-de-montdenis-dimanche-3-aout-2025\/","title":{"rendered":"F\u00eate du village de Montdenis \u2013 Dimanche 3 ao\u00fbt 2025"},"content":{"rendered":"\n<div class=\"wp-block-uagb-container uagb-block-ce5471ee alignfull uagb-is-root-container\"><div class=\"uagb-container-inner-blocks-wrap\">\n<div class=\"wp-block-uagb-container uagb-block-3559fb94\">\n<figure class=\"wp-block-image size-large is-resized\"><img loading=\"lazy\" decoding=\"async\" width=\"672\" height=\"1024\" src=\"https:\/\/www.vivreamontdenis.fr\/wp-content\/uploads\/2025\/08\/1000033315-1-672x1024.jpg\" alt=\"\" class=\"wp-image-698\" style=\"width:341px;height:auto\" srcset=\"https:\/\/www.vivreamontdenis.fr\/wp-content\/uploads\/2025\/08\/1000033315-1-672x1024.jpg 672w, https:\/\/www.vivreamontdenis.fr\/wp-content\/uploads\/2025\/08\/1000033315-1-197x300.jpg 197w, https:\/\/www.vivreamontdenis.fr\/wp-content\/uploads\/2025\/08\/1000033315-1-768x1170.jpg 768w, https:\/\/www.vivreamontdenis.fr\/wp-content\/uploads\/2025\/08\/1000033315-1.jpg 981w\" sizes=\"auto, (max-width: 672px) 100vw, 672px\" \/><\/figure>\n<\/div>\n\n\n\n<div class=\"wp-block-uagb-container uagb-block-1d41b3d4\">\n<p>Ce dimanche 3 ao\u00fbt, Montdenis a v\u00e9cu une journ\u00e9e plac\u00e9e sous le signe de la convivialit\u00e9 et du partage \u00e0 l\u2019occasion de la f\u00eate du village.<\/p>\n\n\n\n<p>Les festivit\u00e9s ont d\u00e9but\u00e9 apr\u00e8s la messe c\u00e9l\u00e9br\u00e9e \u00e0 la chapelle Notre-Dame de la Piti\u00e9, par un ap\u00e9ritif offert par l\u2019association Vivre \u00e0 Montdenis. Odile a anim\u00e9 un moment d\u2019\u00e9changes sur l&rsquo;histoire du village autour de documents et de photos anciennes qui ont suscit\u00e9 beaucoup d\u2019int\u00e9r\u00eats.<\/p>\n<\/div>\n<\/div><\/div>\n\n\n\n<div class=\"wp-block-uagb-container uagb-block-01dc4e43 alignfull uagb-is-root-container\"><div class=\"uagb-container-inner-blocks-wrap\">\n<div class=\"wp-block-uagb-container uagb-block-8cc3a8cb\">\n<p>Une vingtaine de convives ont ensuite partag\u00e9 un pique-nique en toute simplicit\u00e9, avant que Jonathan et sa guitare ne rassemblent une dizaine de chanteuses et de chanteurs pour entonner quelques airs joyeux.<\/p>\n\n\n\n<p>En fin d\u2019apr\u00e8s-midi, l\u2019\u00e9glise du village a accueilli une cinquantaine de personnes venues assister au magnifique concert de musique baroque et romantique, donn\u00e9 par Gilone Gaubert, violoniste.<\/p>\n\n\n\n<p>La journ\u00e9e s\u2019est termin\u00e9e autour d\u2019un dernier verre et d\u2019une savoureuse soupe \u00e0 l\u2019oignon, pr\u00e9par\u00e9e par Odile et sa s\u0153ur, d\u00e9gust\u00e9e en petit comit\u00e9 dans une ambiance chaleureuse.<\/p>\n<\/div>\n\n\n\n<div class=\"wp-block-uagb-container uagb-block-fb95378b\">\n<figure class=\"wp-block-image size-full\"><img loading=\"lazy\" decoding=\"async\" width=\"1108\" height=\"978\" src=\"https:\/\/www.vivreamontdenis.fr\/wp-content\/uploads\/2025\/08\/1000033327.jpg\" alt=\"\" class=\"wp-image-701\" srcset=\"https:\/\/www.vivreamontdenis.fr\/wp-content\/uploads\/2025\/08\/1000033327.jpg 1108w, https:\/\/www.vivreamontdenis.fr\/wp-content\/uploads\/2025\/08\/1000033327-300x265.jpg 300w, https:\/\/www.vivreamontdenis.fr\/wp-content\/uploads\/2025\/08\/1000033327-1024x904.jpg 1024w, https:\/\/www.vivreamontdenis.fr\/wp-content\/uploads\/2025\/08\/1000033327-768x678.jpg 768w\" sizes=\"auto, (max-width: 1108px) 100vw, 1108px\" \/><\/figure>\n<\/div>\n<\/div><\/div>\n\n\n\n<div class=\"wp-block-uagb-container uagb-block-3fe50c4a alignfull uagb-is-root-container\"><div class=\"uagb-container-inner-blocks-wrap\">\n<div class=\"wp-block-uagb-container uagb-block-2dc39423\">\n<figure class=\"wp-block-image size-full\"><img loading=\"lazy\" decoding=\"async\" width=\"989\" height=\"752\" src=\"https:\/\/www.vivreamontdenis.fr\/wp-content\/uploads\/2025\/08\/1000033332-1.jpg\" alt=\"\" class=\"wp-image-702\" srcset=\"https:\/\/www.vivreamontdenis.fr\/wp-content\/uploads\/2025\/08\/1000033332-1.jpg 989w, https:\/\/www.vivreamontdenis.fr\/wp-content\/uploads\/2025\/08\/1000033332-1-300x228.jpg 300w, https:\/\/www.vivreamontdenis.fr\/wp-content\/uploads\/2025\/08\/1000033332-1-768x584.jpg 768w\" sizes=\"auto, (max-width: 989px) 100vw, 989px\" \/><\/figure>\n<\/div>\n\n\n\n<div class=\"wp-block-uagb-container uagb-block-e63819c0\">\n<figure class=\"wp-block-image size-large is-resized\"><img loading=\"lazy\" decoding=\"async\" width=\"768\" height=\"1024\" src=\"https:\/\/www.vivreamontdenis.fr\/wp-content\/uploads\/2025\/08\/1000033324-768x1024.jpg\" alt=\"\" class=\"wp-image-703\" style=\"width:346px;height:auto\" srcset=\"https:\/\/www.vivreamontdenis.fr\/wp-content\/uploads\/2025\/08\/1000033324-768x1024.jpg 768w, https:\/\/www.vivreamontdenis.fr\/wp-content\/uploads\/2025\/08\/1000033324-225x300.jpg 225w, https:\/\/www.vivreamontdenis.fr\/wp-content\/uploads\/2025\/08\/1000033324-1152x1536.jpg 1152w, https:\/\/www.vivreamontdenis.fr\/wp-content\/uploads\/2025\/08\/1000033324.jpg 1200w\" sizes=\"auto, (max-width: 768px) 100vw, 768px\" \/><\/figure>\n<\/div>\n<\/div><\/div>\n\n\n\n<div class=\"wp-block-uagb-container uagb-block-86b546a8 alignfull uagb-is-root-container\"><div class=\"uagb-container-inner-blocks-wrap\">\n<p class=\"has-text-align-center\"><br>Un grand merci aux organisateurs et \u00e0 tous les participants pour cette belle f\u00eate estivale \u00e0 Montdenis&nbsp;!<\/p>\n<\/div><\/div>\n\n\n\n<p><\/p>\n","protected":false},"excerpt":{"rendered":"<p>Ce dimanche 3 ao\u00fbt, Montdenis a v\u00e9cu une journ\u00e9e plac\u00e9e sous le signe de la convivialit\u00e9 et du partage \u00e0 l\u2019occasion de la f\u00eate du village. Les festivit\u00e9s ont d\u00e9but\u00e9 apr\u00e8s la messe c\u00e9l\u00e9br\u00e9e \u00e0 la chapelle Notre-Dame de la Piti\u00e9, par un ap\u00e9ritif offert par l\u2019association Vivre \u00e0 Montdenis. Odile a anim\u00e9 un moment [&hellip;]<\/p>\n","protected":false},"author":1,"featured_media":0,"comment_status":"open","ping_status":"open","sticky":false,"template":"","format":"standard","meta":{"_uag_custom_page_level_css":"","site-sidebar-layout":"default","site-content-layout":"","ast-site-content-layout":"default","site-content-style":"default","site-sidebar-style":"default","ast-global-header-display":"","ast-banner-title-visibility":"","ast-main-header-display":"","ast-hfb-above-header-display":"","ast-hfb-below-header-display":"","ast-hfb-mobile-header-display":"","site-post-title":"","ast-breadcrumbs-content":"","ast-featured-img":"","footer-sml-layout":"","ast-disable-related-posts":"","theme-transparent-header-meta":"","adv-header-id-meta":"","stick-header-meta":"","header-above-stick-meta":"","header-main-stick-meta":"","header-below-stick-meta":"","astra-migrate-meta-layouts":"default","ast-page-background-enabled":"default","ast-page-background-meta":{"desktop":{"background-color":"var(--ast-global-color-4)","background-image":"","background-repeat":"repeat","background-position":"center center","background-size":"auto","background-attachment":"scroll","background-type":"","background-media":"","overlay-type":"","overlay-color":"","overlay-opacity":"","overlay-gradient":""},"tablet":{"background-color":"","background-image":"","background-repeat":"repeat","background-position":"center center","background-size":"auto","background-attachment":"scroll","background-type":"","background-media":"","overlay-type":"","overlay-color":"","overlay-opacity":"","overlay-gradient":""},"mobile":{"background-color":"","background-image":"","background-repeat":"repeat","background-position":"center center","background-size":"auto","background-attachment":"scroll","background-type":"","background-media":"","overlay-type":"","overlay-color":"","overlay-opacity":"","overlay-gradient":""}},"ast-content-background-meta":{"desktop":{"background-color":"var(--ast-global-color-5)","background-image":"","background-repeat":"repeat","background-position":"center center","background-size":"auto","background-attachment":"scroll","background-type":"","background-media":"","overlay-type":"","overlay-color":"","overlay-opacity":"","overlay-gradient":""},"tablet":{"background-color":"var(--ast-global-color-5)","background-image":"","background-repeat":"repeat","background-position":"center center","background-size":"auto","background-attachment":"scroll","background-type":"","background-media":"","overlay-type":"","overlay-color":"","overlay-opacity":"","overlay-gradient":""},"mobile":{"background-color":"var(--ast-global-color-5)","background-image":"","background-repeat":"repeat","background-position":"center center","background-size":"auto","background-attachment":"scroll","background-type":"","background-media":"","overlay-type":"","overlay-color":"","overlay-opacity":"","overlay-gradient":""}},"footnotes":""},"categories":[8],"tags":[],"class_list":["post-696","post","type-post","status-publish","format-standard","hentry","category-evenement"],"uagb_featured_image_src":{"full":false,"thumbnail":false,"medium":false,"medium_large":false,"large":false,"1536x1536":false,"2048x2048":false},"uagb_author_info":{"display_name":"Didier de la Ros\u00ea","author_link":"https:\/\/www.vivreamontdenis.fr\/index.php\/author\/admin3402\/"},"uagb_comment_info":40,"uagb_excerpt":"Ce dimanche 3 ao\u00fbt, Montdenis a v\u00e9cu une journ\u00e9e plac\u00e9e sous le signe de la convivialit\u00e9 et du partage \u00e0 l\u2019occasion de la f\u00eate du village. Les festivit\u00e9s ont d\u00e9but\u00e9 apr\u00e8s la messe c\u00e9l\u00e9br\u00e9e \u00e0 la chapelle Notre-Dame de la Piti\u00e9, par un ap\u00e9ritif offert par l\u2019association Vivre \u00e0 Montdenis. Odile a anim\u00e9 un moment\u2026","_links":{"self":[{"href":"https:\/\/www.vivreamontdenis.fr\/index.php\/wp-json\/wp\/v2\/posts\/696","targetHints":{"allow":["GET"]}}],"collection":[{"href":"https:\/\/www.vivreamontdenis.fr\/index.php\/wp-json\/wp\/v2\/posts"}],"about":[{"href":"https:\/\/www.vivreamontdenis.fr\/index.php\/wp-json\/wp\/v2\/types\/post"}],"author":[{"embeddable":true,"href":"https:\/\/www.vivreamontdenis.fr\/index.php\/wp-json\/wp\/v2\/users\/1"}],"replies":[{"embeddable":true,"href":"https:\/\/www.vivreamontdenis.fr\/index.php\/wp-json\/wp\/v2\/comments?post=696"}],"version-history":[{"count":10,"href":"https:\/\/www.vivreamontdenis.fr\/index.php\/wp-json\/wp\/v2\/posts\/696\/revisions"}],"predecessor-version":[{"id":712,"href":"https:\/\/www.vivreamontdenis.fr\/index.php\/wp-json\/wp\/v2\/posts\/696\/revisions\/712"}],"wp:attachment":[{"href":"https:\/\/www.vivreamontdenis.fr\/index.php\/wp-json\/wp\/v2\/media?parent=696"}],"wp:term":[{"taxonomy":"category","embeddable":true,"href":"https:\/\/www.vivreamontdenis.fr\/index.php\/wp-json\/wp\/v2\/categories?post=696"},{"taxonomy":"post_tag","embeddable":true,"href":"https:\/\/www.vivreamontdenis.fr\/index.php\/wp-json\/wp\/v2\/tags?post=696"}],"curies":[{"name":"wp","href":"https:\/\/api.w.org\/{rel}","templated":true}]}}