{"id":546,"date":"2024-08-10T18:46:01","date_gmt":"2024-08-10T16:46:01","guid":{"rendered":"http:\/\/www.vivreamontdenis.fr\/?p=546"},"modified":"2024-12-19T12:31:15","modified_gmt":"2024-12-19T11:31:15","slug":"concert-de-musique-baroque","status":"archive","type":"post","link":"https:\/\/www.vivreamontdenis.fr\/index.php\/2024\/08\/10\/concert-de-musique-baroque\/","title":{"rendered":"Balade musicale de Venise \u00e0 Rome"},"content":{"rendered":"\n<h3 class=\"wp-block-heading has-text-align-center\">Concert de musique baroque le 6 ao\u00fbt 2024<\/h3>\n\n\n\n<div class=\"wp-block-uagb-container uagb-block-33b6ae17 alignfull uagb-is-root-container\"><div class=\"uagb-container-inner-blocks-wrap\">\n<p><\/p>\n\n\n\n<p style=\"padding-right:var(--wp--preset--spacing--30);padding-left:var(--wp--preset--spacing--30)\">Les violonistes, Gilone Gaubert et Benjamin Ch\u00e9nier et la claveciniste Elisabeth Joy\u00e9, soutenus par l\u2019Association Vivre \u00e0 Montdenis, ont offert ce mardi 6 ao\u00fbt, \u00e0 l\u2019\u00e9glise de Montdenis, un concert d\u2019une tr\u00e8s grande beaut\u00e9.<\/p>\n<\/div><\/div>\n\n\n\n<div class=\"wp-block-media-text has-media-on-the-right is-stacked-on-mobile is-image-fill\"><div class=\"wp-block-media-text__content\">\n<p style=\"padding-top:0;padding-right:0;padding-bottom:0;padding-left:0\">Le programme nous a fait voyager dans l\u2019Italie des 17\u00e8me et 18\u00e8me si\u00e8cle, entre Rome et Venise. Des \u0153uvres phares, v\u00e9ritables tubes, comme les variations autour du th\u00e8me de la Follia de Vivaldi (une sonate en trio sur un th\u00e8me de basse en boucle) ou des sonates de Corelli, ont c\u00f4toy\u00e9 des p\u00e9pites plus rares, comme une sonate concertante du v\u00e9nitien Dario Castello, musicien virtuose mort en 1631 \u00e0 29&nbsp;ans \u00e0 Venise.<br><br>Ce r\u00e9pertoire a \u00e9t\u00e9 magnifi\u00e9 par les sonorit\u00e9s tr\u00e8s expressives des deux violons baroques en cordes de boyaux et du virginal, une copie d\u2019un instrument de 1627, particuli\u00e8rement remarqu\u00e9 pour sa facture et sa d\u00e9coration.<br>Les nombreux spectateurs, dont l\u2019attention soutenue \u00e9tait tangible, ont \u00e9t\u00e9 unanimement touch\u00e9s par la gr\u00e2ce et l\u2019exception du moment et par la joie manifeste et complice des trois amis.<br><br>Les violonistes maniaient leur archet tour \u00e0 tour comme des duellistes de sabre, dans un jeu d\u2019une rythmique dynamique et enthousiasmante, ou comme des aiguilles de broderie, dans l\u2019ex\u00e9cution fine, pr\u00e9cise et virtuose des ornements. Tout au long ils ont \u00e9t\u00e9 soutenus et valoris\u00e9s par le jeu de la basse continue et ses ponctuations volubiles. La claveciniste nous a aussi ravis de deux sonates en solo de Scarlatti et Frescobaldi, deux pauses hors du temps, aux cadences clivantes et surprenantes.<\/p>\n<\/div><figure class=\"wp-block-media-text__media\" style=\"background-image:url(https:\/\/www.vivreamontdenis.fr\/wp-content\/uploads\/2024\/08\/DSC00278-1024x683.jpg);background-position:50% 50%\"><img loading=\"lazy\" decoding=\"async\" width=\"1024\" height=\"683\" src=\"https:\/\/www.vivreamontdenis.fr\/wp-content\/uploads\/2024\/08\/DSC00278-1024x683.jpg\" alt=\"\" class=\"wp-image-607 size-full\" srcset=\"https:\/\/www.vivreamontdenis.fr\/wp-content\/uploads\/2024\/08\/DSC00278-1024x683.jpg 1024w, https:\/\/www.vivreamontdenis.fr\/wp-content\/uploads\/2024\/08\/DSC00278-300x200.jpg 300w, https:\/\/www.vivreamontdenis.fr\/wp-content\/uploads\/2024\/08\/DSC00278-768x512.jpg 768w, https:\/\/www.vivreamontdenis.fr\/wp-content\/uploads\/2024\/08\/DSC00278.jpg 1368w\" sizes=\"auto, (max-width: 1024px) 100vw, 1024px\" \/><\/figure><\/div>\n\n\n\n<div class=\"wp-block-uagb-container uagb-block-5a53c067 alignfull uagb-is-root-container\"><div class=\"uagb-container-inner-blocks-wrap\">\n<p style=\"padding-top:var(--wp--preset--spacing--20);padding-right:var(--wp--preset--spacing--20);padding-bottom:var(--wp--preset--spacing--20);padding-left:var(--wp--preset--spacing--20)\">Vous pourrez \u00e9galement \u00e9couter Gilone Gaubert entour\u00e9e d\u2019autres musiciens dans le cadre d\u2019un festival \u00ab&nbsp;Musique Baroque Sacr\u00e9e en Maurienne&nbsp;\u00bb les 10, 11, 17 et 18 ao\u00fbt organis\u00e9 par l\u2019association \u00ab&nbsp;Amis de Beaune&nbsp;\u00bb.<br><em><a href=\"https:\/\/www.vivreamontdenis.fr\/index.php\/musique-baroque-sacree-en-maurienne\/\" data-type=\"page\" data-id=\"536\">Pour en savoir plus cliquer ici<\/a><\/em><\/p>\n<\/div><\/div>\n\n\n\n<div class=\"wp-block-media-text is-stacked-on-mobile\"><figure class=\"wp-block-media-text__media\"><video controls src=\"https:\/\/www.vivreamontdenis.fr\/wp-content\/uploads\/2024\/08\/WhatsApp-Video-2024-08-14-at-14.42.49.mp4\"><\/video><\/figure><div class=\"wp-block-media-text__content\">\n<p>Un instant de pure musique extrait du concert&#8230;<\/p>\n<\/div><\/div>\n\n\n\n<p><\/p>\n","protected":false},"excerpt":{"rendered":"<p>Concert de musique baroque le 6 ao\u00fbt 2024 Les violonistes, Gilone Gaubert et Benjamin Ch\u00e9nier et la claveciniste Elisabeth Joy\u00e9, soutenus par l\u2019Association Vivre \u00e0 Montdenis, ont offert ce mardi 6 ao\u00fbt, \u00e0 l\u2019\u00e9glise de Montdenis, un concert d\u2019une tr\u00e8s grande beaut\u00e9. Le programme nous a fait voyager dans l\u2019Italie des 17\u00e8me et 18\u00e8me si\u00e8cle, [&hellip;]<\/p>\n","protected":false},"author":3,"featured_media":0,"comment_status":"open","ping_status":"open","sticky":false,"template":"","format":"standard","meta":{"_uag_custom_page_level_css":"","site-sidebar-layout":"default","site-content-layout":"","ast-site-content-layout":"default","site-content-style":"default","site-sidebar-style":"default","ast-global-header-display":"","ast-banner-title-visibility":"","ast-main-header-display":"","ast-hfb-above-header-display":"","ast-hfb-below-header-display":"","ast-hfb-mobile-header-display":"","site-post-title":"","ast-breadcrumbs-content":"","ast-featured-img":"","footer-sml-layout":"","ast-disable-related-posts":"","theme-transparent-header-meta":"","adv-header-id-meta":"","stick-header-meta":"","header-above-stick-meta":"","header-main-stick-meta":"","header-below-stick-meta":"","astra-migrate-meta-layouts":"default","ast-page-background-enabled":"default","ast-page-background-meta":{"desktop":{"background-color":"var(--ast-global-color-4)","background-image":"","background-repeat":"repeat","background-position":"center center","background-size":"auto","background-attachment":"scroll","background-type":"","background-media":"","overlay-type":"","overlay-color":"","overlay-opacity":"","overlay-gradient":""},"tablet":{"background-color":"","background-image":"","background-repeat":"repeat","background-position":"center center","background-size":"auto","background-attachment":"scroll","background-type":"","background-media":"","overlay-type":"","overlay-color":"","overlay-opacity":"","overlay-gradient":""},"mobile":{"background-color":"","background-image":"","background-repeat":"repeat","background-position":"center center","background-size":"auto","background-attachment":"scroll","background-type":"","background-media":"","overlay-type":"","overlay-color":"","overlay-opacity":"","overlay-gradient":""}},"ast-content-background-meta":{"desktop":{"background-color":"var(--ast-global-color-5)","background-image":"","background-repeat":"repeat","background-position":"center center","background-size":"auto","background-attachment":"scroll","background-type":"","background-media":"","overlay-type":"","overlay-color":"","overlay-opacity":"","overlay-gradient":""},"tablet":{"background-color":"var(--ast-global-color-5)","background-image":"","background-repeat":"repeat","background-position":"center center","background-size":"auto","background-attachment":"scroll","background-type":"","background-media":"","overlay-type":"","overlay-color":"","overlay-opacity":"","overlay-gradient":""},"mobile":{"background-color":"var(--ast-global-color-5)","background-image":"","background-repeat":"repeat","background-position":"center center","background-size":"auto","background-attachment":"scroll","background-type":"","background-media":"","overlay-type":"","overlay-color":"","overlay-opacity":"","overlay-gradient":""}},"footnotes":""},"categories":[8],"tags":[],"class_list":["post-546","post","type-post","status-archive","format-standard","hentry","category-evenement"],"uagb_featured_image_src":{"full":false,"thumbnail":false,"medium":false,"medium_large":false,"large":false,"1536x1536":false,"2048x2048":false},"uagb_author_info":{"display_name":"Dominique Sohet","author_link":"https:\/\/www.vivreamontdenis.fr\/index.php\/author\/dominique\/"},"uagb_comment_info":6,"uagb_excerpt":"Concert de musique baroque le 6 ao\u00fbt 2024 Les violonistes, Gilone Gaubert et Benjamin Ch\u00e9nier et la claveciniste Elisabeth Joy\u00e9, soutenus par l\u2019Association Vivre \u00e0 Montdenis, ont offert ce mardi 6 ao\u00fbt, \u00e0 l\u2019\u00e9glise de Montdenis, un concert d\u2019une tr\u00e8s grande beaut\u00e9. Le programme nous a fait voyager dans l\u2019Italie des 17\u00e8me et 18\u00e8me si\u00e8cle,\u2026","_links":{"self":[{"href":"https:\/\/www.vivreamontdenis.fr\/index.php\/wp-json\/wp\/v2\/posts\/546","targetHints":{"allow":["GET"]}}],"collection":[{"href":"https:\/\/www.vivreamontdenis.fr\/index.php\/wp-json\/wp\/v2\/posts"}],"about":[{"href":"https:\/\/www.vivreamontdenis.fr\/index.php\/wp-json\/wp\/v2\/types\/post"}],"author":[{"embeddable":true,"href":"https:\/\/www.vivreamontdenis.fr\/index.php\/wp-json\/wp\/v2\/users\/3"}],"replies":[{"embeddable":true,"href":"https:\/\/www.vivreamontdenis.fr\/index.php\/wp-json\/wp\/v2\/comments?post=546"}],"version-history":[{"count":44,"href":"https:\/\/www.vivreamontdenis.fr\/index.php\/wp-json\/wp\/v2\/posts\/546\/revisions"}],"predecessor-version":[{"id":609,"href":"https:\/\/www.vivreamontdenis.fr\/index.php\/wp-json\/wp\/v2\/posts\/546\/revisions\/609"}],"wp:attachment":[{"href":"https:\/\/www.vivreamontdenis.fr\/index.php\/wp-json\/wp\/v2\/media?parent=546"}],"wp:term":[{"taxonomy":"category","embeddable":true,"href":"https:\/\/www.vivreamontdenis.fr\/index.php\/wp-json\/wp\/v2\/categories?post=546"},{"taxonomy":"post_tag","embeddable":true,"href":"https:\/\/www.vivreamontdenis.fr\/index.php\/wp-json\/wp\/v2\/tags?post=546"}],"curies":[{"name":"wp","href":"https:\/\/api.w.org\/{rel}","templated":true}]}}